[{"@context":"https:\/\/schema.org\/","@type":"Article","@id":"https:\/\/www.212sqn.cz\/dum-jako-reprezentace\/#Article","mainEntityOfPage":"https:\/\/www.212sqn.cz\/dum-jako-reprezentace\/","headline":"D\u016fm jako reprezentace","name":"D\u016fm jako reprezentace","description":"Obydl\u00ed lid\u00ed se datuje k dob\u011b, kdy se na Zemi objevili lid\u00e9. Hled\u00e1n\u00ed bezpe\u010dn\u00e9ho p\u0159\u00edst\u0159e\u0161ku chr\u00e1n\u00edc\u00edho p\u0159ed pov\u011btrnostn\u00edmi vlivy, ale tak\u00e9 hmyzem a divok\u00fdmi zv\u00ed\u0159aty je jedna ze z\u00e1kladn\u00edch pot\u0159eb. Ale u\u017e v t\u00e9to dob\u011b m\u016f\u017eeme pozorovat, \u017ee lidem nesta\u010dilo &hellip; ","datePublished":"2022-03-31","dateModified":"2023-05-05","author":{"@type":"Person","@id":"https:\/\/www.212sqn.cz\/author\/#Person","name":"","url":"https:\/\/www.212sqn.cz\/author\/","identifier":1,"image":{"@type":"ImageObject","@id":"https:\/\/secure.gravatar.com\/avatar\/ee69a086fc043006d66000ff5e288b6b088fc8fa323128f3849437410a854832?s=96&d=mm&r=g","url":"https:\/\/secure.gravatar.com\/avatar\/ee69a086fc043006d66000ff5e288b6b088fc8fa323128f3849437410a854832?s=96&d=mm&r=g","height":96,"width":96}},"publisher":{"@type":"Organization","name":"212sqn.cz","logo":{"@type":"ImageObject","@id":"\/logo.png","url":"\/logo.png","width":600,"height":60}},"image":{"@type":"ImageObject","@id":"https:\/\/www.212sqn.cz\/wp-content\/uploads\/kaple%20architekta.jpg","url":"https:\/\/www.212sqn.cz\/wp-content\/uploads\/kaple%20architekta.jpg","height":0,"width":0},"url":"https:\/\/www.212sqn.cz\/dum-jako-reprezentace\/","about":["D\u016fm"],"wordCount":411,"articleBody":"Obydl\u00ed lid\u00ed se datuje k dob\u011b, kdy se na Zemi objevili lid\u00e9. Hled\u00e1n\u00ed bezpe\u010dn\u00e9ho p\u0159\u00edst\u0159e\u0161ku chr\u00e1n\u00edc\u00edho p\u0159ed pov\u011btrnostn\u00edmi vlivy, ale tak\u00e9 hmyzem a divok\u00fdmi zv\u00ed\u0159aty je jedna ze z\u00e1kladn\u00edch pot\u0159eb. Ale u\u017e v t\u00e9to dob\u011b m\u016f\u017eeme pozorovat, \u017ee lidem nesta\u010dilo pouze obydl\u00ed m\u00edt, ale v\u017edy ho n\u011bjak zu\u0161lech\u0165ovali. A\u0165 u\u017e se jedn\u00e1 o n\u00e1st\u011bnn\u00e9 malby, \u010di jin\u00e9 ozdoby. V t\u00e9to dob\u011b velikost bezpe\u010dn\u00fdch m\u00edst hr\u00e1la roli \u010dist\u011b z praktick\u00e9ho hlediska a to z d\u016fvodu mo\u017enosti ubytov\u00e1n\u00ed v\u00edce lid\u00ed a j\u00eddla. V pr\u016fb\u011bhu let se pohled na obydl\u00ed prom\u011bnil sp\u00ed\u0161e standardem, kter\u00fd je pro tu dobu b\u011b\u017en\u00fd. Asi by dnes \u010dlov\u011bk, kter\u00fd \u017eije v jeskyni, z\u00edskal mnoho opovrhuj\u00edc\u00edch pohled\u016f.Jak se tedy forma reprezentace na\u0161ich p\u0159\u00edbytk\u016f projevuje dnes? Lid\u00e9 kte\u0159\u00ed maj\u00ed rodinn\u00fdm d\u016fm se reprezentuj\u00ed ji\u017e pohledem z exteri\u00e9ru. Pozorovatel n\u011bkdy i jen podv\u011bdom\u011b vn\u00edm\u00e1 jak je d\u016fm velk\u00fd, jak jsou zvolen\u00e9 barvy fas\u00e1dy, materi\u00e1ly, pom\u011br domu k p\u0159il\u00e9haj\u00edc\u00edmu pozemku, pom\u011br domu k ostatn\u00edm dom\u016fm v ulici a mnoho dal\u0161\u00edch. Po vstupu dovnit\u0159 tak\u00e9 vn\u00edm\u00e1 (jestli tam n\u011bjak\u00fd je) kontrast mezi interi\u00e9rem a exteri\u00e9rem, prov\u00e1zanost vnit\u0159n\u00edch prostor, \u00faspornost \u010di velkorysost a nespo\u010det dal\u0161\u00edch aspekt\u016f. Dalo by se i \u0159\u00edci, \u017ee podle domu se d\u00e1 dob\u0159e poznat jak\u00fd \u010dlov\u011bk ob\u00fdvaj\u00edc\u00ed ho je, jak\u00e9 jsou jeho hodnoty a podobn\u011b.M\u016f\u017eeme si uv\u00e9st i p\u0159\u00edklad jednoho domu, kter\u00fd zaj\u00edmav\u00fdm zp\u016fsobem vyjad\u0159uje jak\u00fd je \u010dlov\u011bk doopravdy. Jeden z nejslavn\u011bj\u0161\u00edch architekt\u016f, kter\u00fd p\u016fsobil v minul\u00e9m stolet\u00ed a zaslou\u017eil se o mnoho v\u00fdrazn\u00fdch staveb, si sv\u016fj vlastn\u00ed d\u016fm postavil na odlehl\u00e9m m\u00edst\u011b a d\u016fm byl tak skromn\u00fd, \u017ee v n\u011bm dle zdroj\u016f nebyla ani koupelna. Architekt sice ve v\u0161ech sv\u00fdch n\u00e1vrz\u00edch dbal na \u00faspornost a spr\u00e1vn\u00e9 vyu\u017eit\u00ed prostor, ale u sv\u00e9ho vlastn\u00edho domu tuto my\u0161lenku dovedl opravdu do extr\u00e9mu, kter\u00fd by mnoho lid\u00ed nemohlo vydr\u017eet ani jeden den, ale tento architekt zde byl \u0161\u0165astn\u00fd.                                                                                                                                                                                                                                                                                                                                                                                        2.5\/5 - (6 votes)        "},{"@context":"https:\/\/schema.org\/","@type":"BreadcrumbList","itemListElement":[{"@type":"ListItem","position":1,"name":"D\u016fm jako reprezentace","item":"https:\/\/www.212sqn.cz\/dum-jako-reprezentace\/#breadcrumbitem"}]}]