[{"@context":"https:\/\/schema.org\/","@type":"Article","@id":"https:\/\/www.212sqn.cz\/obytny-vuz-pro-cestovani\/#Article","mainEntityOfPage":"https:\/\/www.212sqn.cz\/obytny-vuz-pro-cestovani\/","headline":"Obytn\u00fd v\u016fz pro cestov\u00e1n\u00ed","name":"Obytn\u00fd v\u016fz pro cestov\u00e1n\u00ed","description":"Mnoho z n&Atilde;&iexcl;s si s p&Aring;&#8482;&Atilde;&shy;chodem 18 narozenin tou&Aring;&frac34;&Atilde;&shy; ud&Auml;&#8250;lat &Aring;&#8482;idi&Auml;sk&Atilde;&frac12; pr&Aring;&macr;kaz. Je to o svobod&Auml;&#8250; se n&Auml;&#8250;kam dostat, kdekoliv si zajet, dostat se z bodu A do bodu B co nejrychleji. Jsou takov&Atilde;&shy;, kte&Aring;&#8482;&Atilde;&shy; miluji cestov&Atilde;&iexcl;n&Atilde;&shy; a pak jsou &hellip; ","datePublished":"2023-10-13","dateModified":"2023-10-16","author":{"@type":"Person","@id":"https:\/\/www.212sqn.cz\/author\/#Person","name":"","url":"https:\/\/www.212sqn.cz\/author\/","identifier":1,"image":{"@type":"ImageObject","@id":"https:\/\/secure.gravatar.com\/avatar\/ee69a086fc043006d66000ff5e288b6b088fc8fa323128f3849437410a854832?s=96&d=mm&r=g","url":"https:\/\/secure.gravatar.com\/avatar\/ee69a086fc043006d66000ff5e288b6b088fc8fa323128f3849437410a854832?s=96&d=mm&r=g","height":96,"width":96}},"publisher":{"@type":"Organization","name":"212sqn.cz","logo":{"@type":"ImageObject","@id":"\/logo.png","url":"\/logo.png","width":600,"height":60}},"image":{"@type":"ImageObject","@id":"https:\/\/www.212sqn.cz\/wp-content\/uploads\/vacations-4115807_1280.png","url":"https:\/\/www.212sqn.cz\/wp-content\/uploads\/vacations-4115807_1280.png","height":0,"width":0},"url":"https:\/\/www.212sqn.cz\/obytny-vuz-pro-cestovani\/","about":["Auto moto"],"wordCount":809,"articleBody":"Mnoho z n&Atilde;&iexcl;s si s p&Aring;&#8482;&Atilde;&shy;chodem 18 narozenin tou&Aring;&frac34;&Atilde;&shy; ud&Auml;&#8250;lat &Aring;&#8482;idi&Auml;sk&Atilde;&frac12; pr&Aring;&macr;kaz. Je to o svobod&Auml;&#8250; se n&Auml;&#8250;kam dostat, kdekoliv si zajet, dostat se z bodu A do bodu B co nejrychleji. Jsou takov&Atilde;&shy;, kte&Aring;&#8482;&Atilde;&shy; miluji cestov&Atilde;&iexcl;n&Atilde;&shy; a pak jsou i takov&Atilde;&shy;, kte&Aring;&#8482;&Atilde;&shy; krom&Auml;&#8250; cestov&Atilde;&iexcl;n&Atilde;&shy; maj&Atilde;&shy; r&Atilde;&iexcl;di i svobodu v r&Atilde;&iexcl;mci ubytov&Atilde;&iexcl;n&Atilde;&shy;. To jim m&Aring;&macr;&Aring;&frac34;e zajistit obytn&Atilde;&frac12; v&Aring;&macr;z.&Acirc;&nbsp;P&Aring;&#8482;edstavuje to toti&Aring;&frac34; &Atilde;&ordm;pln&Auml;&#8250; jin&Atilde;&copy; cestov&Atilde;&iexcl;n&Atilde;&shy;. Dojedete si na m&Atilde;&shy;sto dle libosti a nemus&Atilde;&shy;te &Aring;&#8482;e&Aring;&iexcl;it ubytov&Atilde;&iexcl;n&Atilde;&shy;. Ale je jasn&Atilde;&copy;, &Aring;&frac34;e s p&Aring;&#8482;&Atilde;&shy;chodem my&Aring;&iexcl;lenky na obytn&Atilde;&frac12; v&Aring;&macr;z p&Aring;&#8482;ich&Atilde;&iexcl;zej&Atilde;&shy; i ot&Atilde;&iexcl;zky technick&Atilde;&frac12;ch parametr&Aring;&macr;. Jak to tedy s t&Auml;&#8250;mito obytn&Atilde;&frac12;mi vozy je? Prvn&Atilde;&shy; d&Aring;&macr;le&Aring;&frac34;itou ot&Atilde;&iexcl;zkou je ur&Auml;it&Auml;&#8250; to, kdo vlastn&Auml;&#8250; m&Aring;&macr;&Aring;&frac34;e tento druh vozu &Aring;&#8482;&Atilde;&shy;dit.Tak&Aring;&frac34;e jedn&Atilde;&iexcl; se samoz&Aring;&#8482;ejm&Auml;&#8250; o osobu s platn&Atilde;&frac12;m &Aring;&#8482;idi&Auml;sk&Atilde;&frac12;m opr&Atilde;&iexcl;vn&Auml;&#8250;n&Atilde;&shy;m. N&Auml;&#8250;kter&Atilde;&copy; p&Aring;&macr;j&Auml;ovny ve sv&Atilde;&frac12;ch podm&Atilde;&shy;nk&Atilde;&iexcl;ch maj&Atilde;&shy; jasn&Auml;&#8250; zakomponovan&Atilde;&frac12; v&Auml;&#8250;k 21 let. S podm&Atilde;&shy;nkou, s kterou se m&Aring;&macr;&Aring;&frac34;ete v r&Atilde;&iexcl;mci obytn&Atilde;&frac12;ch voz&Aring;&macr; je potkat je i fakt, &Aring;&frac34;e si tyto p&Aring;&macr;j&Auml;ovny p&Aring;&#8482;ej&Atilde;&shy;, aby &Aring;&#8482;idi&Auml; m&Auml;&#8250;l alespo&Aring;&#710; t&Aring;&#8482;&Atilde;&shy; letou zku&Aring;&iexcl;enost s &Aring;&#8482;&Atilde;&shy;zen&Atilde;&shy;m.&Acirc;&nbsp; Nen&Atilde;&shy; to, ale podm&Atilde;&shy;nkou, a proto je pot&Aring;&#8482;eba podm&Atilde;&shy;nky smlouvy &Aring;&#8482;&Atilde;&iexcl;dn&Auml;&#8250; &Auml;&Atilde;&shy;st.&Acirc;&nbsp;V p&Aring;&#8482;&Atilde;&shy;pad&Auml;&#8250;, &Aring;&frac34;e si dan&Atilde;&iexcl; osoba p&Aring;&macr;j&Auml;&Atilde;&shy; tento obytn&Atilde;&frac12; v&Aring;&macr;z od p&Aring;&macr;j&Auml;ovny, a nen&Atilde;&shy; jich v&Aring;&macr;bec v &Auml;&#338;esk&Atilde;&copy; republice m&Atilde;&iexcl;lo, mus&Atilde;&shy; se &Aring;&#8482;&Atilde;&shy;dit konkr&Atilde;&copy;tn&Atilde;&shy;mi podm&Atilde;&shy;nkami dan&Atilde;&copy; p&Aring;&macr;j&Auml;ovny. Pokud, ale zabrouzd&Atilde;&iexcl;te k soukrom&Atilde;&copy;ho pronaj&Atilde;&shy;mateli je pot&Aring;&#8482;eba po&Auml;&Atilde;&shy;tat s t&Atilde;&shy;m, &Aring;&frac34;e bude s V&Atilde;&iexcl;mi seps&Atilde;&iexcl;na pojistn&Atilde;&iexcl; smlouva. Ta je seps&Atilde;&iexcl;na pouze na jednoho &Aring;&#8482;idi&Auml;e. V tomto p&Aring;&#8482;&Atilde;&shy;pad&Auml;&#8250; se tak nedoporu&Auml;uje obytn&Atilde;&frac12; v&Aring;&macr;z p&Aring;&macr;j&Auml;ovat dal&Aring;&iexcl;&Atilde;&shy; osob&Auml;&#8250;. D&Aring;&macr;vod je prost&Atilde;&frac12;, pokud by se toti&Aring;&frac34; n&Auml;&#8250;co stalo a obytn&Atilde;&frac12; v&Aring;&macr;z pr&Atilde;&iexcl;v&Auml;&#8250; tato nepoji&Aring;&iexcl;t&Auml;&#8250;n&Atilde;&iexcl; osoba &Aring;&#8482;&Atilde;&shy;dila, poji&Aring;&iexcl;&Aring;&yen;ovna nevyplat&Atilde;&shy; ani korunu.&Acirc;&nbsp;Pokud se stane nehoda nebo je karavan s p&Aring;&macr;j&Auml;ovny vykraden, okam&Aring;&frac34;it&Auml;&#8250; nev&Atilde;&iexcl;hejte volat polici&Atilde;&shy;. V p&Aring;&#8482;&Atilde;&shy;pad&Auml;&#8250; nehody je pot&Aring;&#8482;eba sepsat z&Atilde;&iexcl;znam o nehod&Auml;&#8250;, tak jako v p&Aring;&#8482;&Atilde;&shy;pad&Auml;&#8250; osobn&Atilde;&shy;ho vozu a v r&Atilde;&iexcl;mci vykraden&Atilde;&shy; je t&Aring;&#8482;eba na nic nesahat a z ni&Auml;&Atilde;&shy;m neh&Atilde;&frac12;bat. Karavan v&Aring;&frac34;dy d&Aring;&macr;kladn&Auml;&#8250; zamykejte, nebo&Aring;&yen; se v tu chv&Atilde;&shy;li jedn&Atilde;&iexcl; o V&Atilde;&iexcl;&Aring;&iexcl; d&Aring;&macr;m na kole&Auml;k&Atilde;&iexcl;ch.                                                                                                                                                                                                                                                                                                                                                                                        3.8\/5 - (9 votes)        "},{"@context":"https:\/\/schema.org\/","@type":"BreadcrumbList","itemListElement":[{"@type":"ListItem","position":1,"name":"Obytn\u00fd v\u016fz pro cestov\u00e1n\u00ed","item":"https:\/\/www.212sqn.cz\/obytny-vuz-pro-cestovani\/#breadcrumbitem"}]}]