[{"@context":"https:\/\/schema.org\/","@type":"Article","@id":"https:\/\/www.212sqn.cz\/osobni-vuz-potrebuje-peci\/#Article","mainEntityOfPage":"https:\/\/www.212sqn.cz\/osobni-vuz-potrebuje-peci\/","headline":"Osobn\u00ed v\u016fz pot\u0159ebuje p\u00e9\u010di","name":"Osobn\u00ed v\u016fz pot\u0159ebuje p\u00e9\u010di","description":"Osobn\u00ed v\u016fz pot\u0159ebuje p\u00e9\u010di V\u011bnujte se mu Auto je skv\u011bl\u00fd dopravn\u00ed prost\u0159edek, proto\u017ee lidstvu slou\u017e\u00ed ji\u017e opravdu hodn\u011b dlouho k p\u0159eprav\u011b. Oproti j\u00edzd\u011b t\u0159eba v MHD nejsme na nikom z\u00e1visl\u00ed, tak\u017ee m\u016f\u017eeme jezdit a\u017e p\u0159\u00edmo do pr\u00e1ce a v\u00e9zt s &hellip; ","datePublished":"2021-08-18","dateModified":"2023-05-05","author":{"@type":"Person","@id":"https:\/\/www.212sqn.cz\/author\/#Person","name":"","url":"https:\/\/www.212sqn.cz\/author\/","identifier":1,"image":{"@type":"ImageObject","@id":"https:\/\/secure.gravatar.com\/avatar\/ee69a086fc043006d66000ff5e288b6b088fc8fa323128f3849437410a854832?s=96&d=mm&r=g","url":"https:\/\/secure.gravatar.com\/avatar\/ee69a086fc043006d66000ff5e288b6b088fc8fa323128f3849437410a854832?s=96&d=mm&r=g","height":96,"width":96}},"publisher":{"@type":"Organization","name":"212sqn.cz","logo":{"@type":"ImageObject","@id":"\/logo.png","url":"\/logo.png","width":600,"height":60}},"image":{"@type":"ImageObject","@id":"https:\/\/www.212sqn.cz\/wp-content\/uploads\/sportovn%C3%AD%20v%C5%AFz_2.jpg","url":"https:\/\/www.212sqn.cz\/wp-content\/uploads\/sportovn%C3%AD%20v%C5%AFz_2.jpg","height":0,"width":0},"url":"https:\/\/www.212sqn.cz\/osobni-vuz-potrebuje-peci\/","about":["Kultura"],"wordCount":458,"articleBody":"      Osobn\u00ed v\u016fz pot\u0159ebuje p\u00e9\u010diV\u011bnujte se muAuto je skv\u011bl\u00fd dopravn\u00ed prost\u0159edek, proto\u017ee lidstvu slou\u017e\u00ed ji\u017e opravdu hodn\u011b dlouho k p\u0159eprav\u011b. Oproti j\u00edzd\u011b t\u0159eba v MHD nejsme na nikom z\u00e1visl\u00ed, tak\u017ee m\u016f\u017eeme jezdit a\u017e p\u0159\u00edmo do pr\u00e1ce a v\u00e9zt s sebou klidn\u011b rozm\u011brn\u011bj\u0161\u00ed n\u00e1klad. Nav\u00edc spolehlivou ojetinu si m\u016f\u017eeme po\u0159\u00eddit pom\u011brn\u011b za levnou cenu. Samoz\u0159ejm\u011b z\u00e1le\u017e\u00ed, co od auta o\u010dek\u00e1v\u00e1me, proto\u017ee ka\u017ed\u00fd m\u00e1 jin\u00e9 po\u017eadavky a bude jej vyu\u017e\u00edvat k n\u011bjak\u00e9mu \u00fa\u010delu.Nap\u0159\u00edklad na d\u00e1lnice je lep\u0161\u00ed rozm\u011brn\u011bj\u0161\u00ed v\u016fz s velk\u00fdm komfortem, ale na okresk\u00e1ch si m\u016f\u017eeme u\u017e\u00edt s men\u0161\u00edm a svi\u017en\u00fdm vozem. V\u017edy v\u0161ak mus\u00edme pamatovat na to, \u017ee v\u016fz si vy\u017eaduje jistou p\u00e9\u010di, co\u017e bude st\u00e1t pen\u00edze. Sice jsou lid\u00e9, kte\u0159\u00ed na to ka\u0161lou a za p\u00e1r let jej prodaj\u00ed d\u00e1l, ale pokud jsme automobilov\u00fd fanda a chceme, aby n\u00e1m v\u016fz vydr\u017eel, tak tento p\u0159\u00edstup rozhodn\u011b nehroz\u00ed. Nezapom\u00ednejte proto na pravideln\u00fd servis a starat se i o drobnosti, proto\u017ee takov\u00e1 ochrana laku zajist\u00ed, \u017ee v\u016fz bude hezk\u00fd i za n\u011bkolik let.Oprava poruchyI kdy\u017e se o v\u016fz \u0159\u00e1dn\u011b star\u00e1me, tak m\u016f\u017ee \u010dasem p\u0159ij\u00edt n\u011bjak\u00e1 ne\u010dekan\u00e1 z\u00e1vada. \u010cast\u00e9 b\u00fdv\u00e1 prasknut\u00ed n\u011bjak\u00e9 hadice, kdy se jedn\u00e1 o \u00fanavu materi\u00e1lu vlkem \u010dasu, ale m\u016f\u017ee n\u00e1s dost potr\u00e1pit. Konkr\u00e9tn\u011b tato z\u00e1vada m\u016f\u017ee b\u00fdt snadn\u00e1 na vy\u0159e\u0161en\u00ed, tak\u017ee d\u00edl m\u016f\u017eeme vym\u011bnit sami. Ov\u0161em do n\u00e1ro\u010dn\u011bj\u0161\u00edch oprav, kter\u00fdm nerozum\u00edme bychom se pl\u00e9st nem\u011bli, proto\u017ee bychom mohli nap\u00e1chat velk\u00e9 \u0161kody, proto\u017e rad\u011bji zaje\u010fte do servisu. Ov\u0161em n\u011bkde nemus\u00ed b\u00fdt \u00fapln\u011b poctiv\u00fd, tak\u017ee d\u00e1vejte pozor, kam sv\u016fj v\u016fz d\u00e1v\u00e1te. Rozd\u00edln\u00e1 je tak\u00e9 kvalita n\u00e1hradn\u00edch d\u00edl\u016f. Proto m\u016f\u017eete vyu\u017e\u00edt n\u00e1hradn\u00edch d\u00edl\u016f Mazda Mazdavrakoviste.cz, kter\u00e9 berou d\u00edly z prvov\u00fdroby. Demontuj\u00ed se v\u011bt\u0161inou z havarovan\u00fdch voz\u016f, p\u0159i\u010dem\u017e jsou zcela v po\u0159\u00e1dku, tak\u017ee se nemus\u00edte b\u00e1t, \u017ee by se po p\u00e1r najet\u00fdch kilometrech rozpadli. Dostaneme k nim dva roky z\u00e1ruku, p\u0159i\u010dem\u017e tu by prodejce ned\u00e1val, kdyby v\u011bd\u011bl, \u017ee d\u00edly jsou vadn\u00e9. U prvov\u00fdroby si m\u016f\u017eeme b\u00fdt jisti, \u017ee p\u0159esn\u011b sed\u00ed.                                                                                                                                                                                                                                                                                                                                                                                           4\/5 - (11 votes)        "},{"@context":"https:\/\/schema.org\/","@type":"BreadcrumbList","itemListElement":[{"@type":"ListItem","position":1,"name":"Osobn\u00ed v\u016fz pot\u0159ebuje p\u00e9\u010di","item":"https:\/\/www.212sqn.cz\/osobni-vuz-potrebuje-peci\/#breadcrumbitem"}]}]