[{"@context":"https:\/\/schema.org\/","@type":"Article","@id":"https:\/\/www.212sqn.cz\/pokojicek-pro-vaseho-milacka\/#Article","mainEntityOfPage":"https:\/\/www.212sqn.cz\/pokojicek-pro-vaseho-milacka\/","headline":"Pokoj\u00ed\u010dek pro va\u0161eho mil\u00e1\u010dka","name":"Pokoj\u00ed\u010dek pro va\u0161eho mil\u00e1\u010dka","description":"S trochou nads\u00e1zky se pust\u00edme do m\u00edstnosti, kter\u00e1 nen\u00ed vlastn\u011b \u010dasto ani za m\u00edstnost pova\u017eov\u00e1na &#8211; toti\u017e do gar\u00e1\u017ee. Vzhledem ke vztahu mnoha majitel\u016f ke sv\u00fdm voz\u016fm, m\u00e1me za to, \u017ee ozna\u010den\u00ed z nadpisu nen\u00ed tak nep\u0159\u00edhodn\u00e9. Nejen zap\u00e1len\u00ed fandov\u00e9 &hellip; ","datePublished":"2024-02-03","dateModified":"2024-02-03","author":{"@type":"Person","@id":"https:\/\/www.212sqn.cz\/author\/#Person","name":"","url":"https:\/\/www.212sqn.cz\/author\/","identifier":1,"image":{"@type":"ImageObject","@id":"https:\/\/secure.gravatar.com\/avatar\/ee69a086fc043006d66000ff5e288b6b088fc8fa323128f3849437410a854832?s=96&d=mm&r=g","url":"https:\/\/secure.gravatar.com\/avatar\/ee69a086fc043006d66000ff5e288b6b088fc8fa323128f3849437410a854832?s=96&d=mm&r=g","height":96,"width":96}},"publisher":{"@type":"Organization","name":"212sqn.cz","logo":{"@type":"ImageObject","@id":"\/logo.png","url":"\/logo.png","width":600,"height":60}},"url":"https:\/\/www.212sqn.cz\/pokojicek-pro-vaseho-milacka\/","wordCount":200,"articleBody":"S trochou nads\u00e1zky se pust\u00edme do m\u00edstnosti, kter\u00e1 nen\u00ed vlastn\u011b \u010dasto ani za m\u00edstnost pova\u017eov\u00e1na &#8211; toti\u017e do gar\u00e1\u017ee. Vzhledem ke vztahu mnoha majitel\u016f ke sv\u00fdm voz\u016fm, m\u00e1me za to, \u017ee ozna\u010den\u00ed z nadpisu nen\u00ed tak nep\u0159\u00edhodn\u00e9. Nejen zap\u00e1len\u00ed fandov\u00e9 z \u0159ad p\u00e1n\u016f, ale snad je\u0161t\u011b \u010dast\u011bji d\u00e1my, maj\u00ed ke sv\u00fdm automobil\u016fm a\u017e roztomile n\u011b\u017en\u00fd vztah.\tKa\u017ed\u00fd pokoj m\u00e1 sv\u00e9 dve\u0159eJe samoz\u0159ejm\u00e9, \u017ee ka\u017ed\u00fd pokoj\u00ed\u010dek m\u00e1 svoje dve\u0159e. Gar\u00e1\u017ee maj\u00ed dokonce \u010dasto dve\u0159e dvoje &#8211; jedny pro majitele, vedouc\u00ed z domu a druh\u00e9 pro vlastn\u00ed aut\u00ed\u010dko &#8211; tedy gar\u00e1\u017eov\u00e1 vrata. A s ohledem na to, \u017ee tyto \u201edve\u0159e\u201c tvo\u0159\u00ed sou\u010dasn\u011b ned\u00edlnou vn\u011bj\u0161\u00edho vzhledu va\u0161eho domu, v\u011bnujme se nyn\u00ed pr\u00e1v\u011b jim. Nen\u00ed to v\u016fbec toti\u017e zanedbateln\u00e1 sou\u010d\u00e1st a lze s n\u00ed za\u017e\u00edt spousta nep\u0159\u00edjemnost\u00ed, nebo naopak spousta spokojenosti. Z\u00e1le\u017e\u00ed toti\u017e na tom, jak\u00fdm zp\u016fsobem jsou \u0159e\u0161eny a jak\u00fdm zp\u016fsobem vyu\u017e\u00edv\u00e1me v\u0161echny mo\u017enosti, kter\u00e9 jsou v sou\u010dasnosti k dispozici.                                                                                                                                                                                                                                                                                                                                                                                        3.7\/5 - (3 votes)        "},{"@context":"https:\/\/schema.org\/","@type":"BreadcrumbList","itemListElement":[{"@type":"ListItem","position":1,"name":"Pokoj\u00ed\u010dek pro va\u0161eho mil\u00e1\u010dka","item":"https:\/\/www.212sqn.cz\/pokojicek-pro-vaseho-milacka\/#breadcrumbitem"}]}]