[{"@context":"https:\/\/schema.org\/","@type":"Article","@id":"https:\/\/www.212sqn.cz\/proc-mobilni-telefony-ovladaji-svet\/#Article","mainEntityOfPage":"https:\/\/www.212sqn.cz\/proc-mobilni-telefony-ovladaji-svet\/","headline":"Pro\u010d mobiln\u00ed telefony ovl\u00e1daj\u00ed sv\u011bt?","name":"Pro\u010d mobiln\u00ed telefony ovl\u00e1daj\u00ed sv\u011bt?","description":"Bez mal\u00e9, tenk\u00e9 krabi\u010dky, kter\u00e1 n\u00e1m le\u017e\u00ed v&nbsp;kaps\u00e1ch, si neum\u00edme p\u0159edstavit \u017eivot. Je v&nbsp;n\u00ed cel\u00fd n\u00e1\u0161 sv\u011bt, cel\u00fd n\u00e1\u0161 \u017eivot. A\u0165 u\u017e jde o fotky, videa, telefonn\u00ed \u010d\u00edsla, pozn\u00e1mky ulo\u017een\u00e9 v&nbsp;za\u0159\u00edzen\u00ed, cokoli. P\u0159i p\u0159edstav\u011b, \u017ee to ztrat\u00edme, je hrozn\u00e1, co &hellip; ","datePublished":"2020-01-01","dateModified":"2023-05-05","author":{"@type":"Person","@id":"https:\/\/www.212sqn.cz\/author\/#Person","name":"","url":"https:\/\/www.212sqn.cz\/author\/","identifier":1,"image":{"@type":"ImageObject","@id":"https:\/\/secure.gravatar.com\/avatar\/ee69a086fc043006d66000ff5e288b6b088fc8fa323128f3849437410a854832?s=96&d=mm&r=g","url":"https:\/\/secure.gravatar.com\/avatar\/ee69a086fc043006d66000ff5e288b6b088fc8fa323128f3849437410a854832?s=96&d=mm&r=g","height":96,"width":96}},"publisher":{"@type":"Organization","name":"212sqn.cz","logo":{"@type":"ImageObject","@id":"\/logo.png","url":"\/logo.png","width":600,"height":60}},"image":{"@type":"ImageObject","@id":"https:\/\/www.212sqn.cz\/wp-content\/uploads\/img_a367959_w4406_t1580321780.jpg","url":"https:\/\/www.212sqn.cz\/wp-content\/uploads\/img_a367959_w4406_t1580321780.jpg","height":0,"width":0},"url":"https:\/\/www.212sqn.cz\/proc-mobilni-telefony-ovladaji-svet\/","about":["IT"],"wordCount":456,"articleBody":"Bez mal\u00e9, tenk\u00e9 krabi\u010dky, kter\u00e1 n\u00e1m le\u017e\u00ed v&nbsp;kaps\u00e1ch, si neum\u00edme p\u0159edstavit \u017eivot. Je v&nbsp;n\u00ed cel\u00fd n\u00e1\u0161 sv\u011bt, cel\u00fd n\u00e1\u0161 \u017eivot. A\u0165 u\u017e jde o fotky, videa, telefonn\u00ed \u010d\u00edsla, pozn\u00e1mky ulo\u017een\u00e9 v&nbsp;za\u0159\u00edzen\u00ed, cokoli. P\u0159i p\u0159edstav\u011b, \u017ee to ztrat\u00edme, je hrozn\u00e1, co ty vzpom\u00ednky? Z\u00e1\u017eitky? V\u0161echny pot\u0159ebn\u00e9 \u00fadaje?\u0158ekn\u011bme si up\u0159\u00edmn\u011b, v\u011bt\u0161ina z&nbsp;n\u00e1s by se z&nbsp;toho asi zhroutila. Nen\u00ed se \u010demu divit, m\u00e1me tam opravdu v\u0161echno. N\u011bkte\u0159\u00ed z&nbsp;n\u00e1s by se bez mobilu nedostali ani k&nbsp;pen\u011bz\u016fm v&nbsp;bance, nedok\u00e1zali by se dovolat sv\u00fdm bl\u00edzk\u00fdm, zn\u00e1m\u00fdm, kamar\u00e1d\u016fm. N\u011bkte\u0159\u00ed z&nbsp;n\u00e1s by nevydr\u017eeli bez soci\u00e1ln\u00edch s\u00edt\u00ed, co kdyby n\u00e1hodou nev\u011bd\u011bli, co druz\u00ed d\u011blaj\u00ed? Nebo co se zrovna hon\u00ed hlavou n\u011bkomu, koho nemaj\u00ed r\u00e1di?Shodneme se na tom, \u017ee toto za\u0159\u00edzen\u00ed vlastn\u00ed skoro ka\u017ed\u00fd. V\u00fdrobc\u016f je tak\u00e9 velk\u00e9 mno\u017estv\u00ed. Asus, Lenovo, Honor, Apple a spousty dal\u0161\u00edch. Pro tyto firmy, je to obrovsk\u00fd byznys, proto\u017ee lid\u00e9 cht\u011bj\u00ed st\u00e1le nov\u00e9 modely a jsou ochotni za n\u011b d\u00e1t nemal\u00e9 pen\u00edze.Paradoxn\u00ed v\u011bc na tomto je, \u017ee tyto firmy, z&nbsp;toho t\u011b\u017e\u00ed dvojn\u00e1sobn\u011b. Pt\u00e1te se pro\u010d? Napadlo v\u00e1s n\u011bkdy, \u017ee v\u0161e, co na sv\u00e9m telefonu d\u011bl\u00e1te je monitorov\u00e1no? \u017de jsou sb\u00edr\u00e1ny data o va\u0161\u00ed aktivit\u011b, o tom co d\u011bl\u00e1te, co si prohl\u00ed\u017e\u00edte? Tak ano, opravdu to tak funguje. Pro\u010d si mysl\u00edte, \u017ee se v\u00e1m zobrazuj\u00ed reklamy na produkty, kter\u00e9 jste zrovna v\u010dera hledali? Snad si nemysl\u00edte, \u017ee je to n\u00e1hoda. V\u00e1\u0161 telefon sb\u00edr\u00e1 \u00fadaje o va\u0161\u00ed aktivit\u011b, stejn\u011b jako jak\u00e1koli webov\u00e1 str\u00e1nka, kter\u00e1 podporuje soubory cookies.Jeden z&nbsp;dal\u0161\u00edch negativn\u00edch bod\u016f, je modr\u00e9 sv\u011btlo. Modr\u00e9 sv\u011btlo je velice \u0161kodliv\u00e9 pro o\u010di i pro mozek. Je dok\u00e1z\u00e1no, \u017ee p\u0159\u00edli\u0161n\u00e9 kouk\u00e1n\u00ed do mobilu, zp\u016fsobuje degeneraci a to vlivem spalov\u00e1n\u00ed mozkov\u00fdch vl\u00e1ken.Zkuste n\u011bkdy z&nbsp;vlastn\u00ed v\u016fle takzvan\u00fd mobiln\u00ed detox. To znamen\u00e1, \u017ee budete po ur\u010ditou dobu bez mobiln\u00edho telefonu. Jedin\u00e1 mo\u017enost vyu\u017eit\u00ed, je na SMS, \u010di vol\u00e1n\u00ed. Tak\u00e9 v\u00e1s zaj\u00edm\u00e1, zda to dok\u00e1\u017eete? A co nov\u00e9ho se dozv\u00edte? Jak na to bude v\u00e1\u0161 mozek reagovat?Pro m\u011b je mobiln\u00ed telefon skv\u011bl\u00fd komunika\u010dn\u00ed, \u010di pracovn\u00ed prost\u0159edek, nic v\u00edc.                                                                                                                                                                                                                                                                                                                                                                                        3.7\/5 - (7 votes)        "},{"@context":"https:\/\/schema.org\/","@type":"BreadcrumbList","itemListElement":[{"@type":"ListItem","position":1,"name":"Pro\u010d mobiln\u00ed telefony ovl\u00e1daj\u00ed sv\u011bt?","item":"https:\/\/www.212sqn.cz\/proc-mobilni-telefony-ovladaji-svet\/#breadcrumbitem"}]}]