[{"@context":"https:\/\/schema.org\/","@type":"Article","@id":"https:\/\/www.212sqn.cz\/prodej-za-miliardy-se-blizi\/#Article","mainEntityOfPage":"https:\/\/www.212sqn.cz\/prodej-za-miliardy-se-blizi\/","headline":"Prodej za miliardy se bl\u00ed\u017e\u00ed","name":"Prodej za miliardy se bl\u00ed\u017e\u00ed","description":"\u010cesk\u00e9 radiokomunikace jsou nejv\u011bt\u0161\u00edm provozovatelem televizn\u00edch a rozhlasov\u00fdch vys\u00edla\u010d\u016f v \u010cesku. Krom\u011b toho, \u017ee firma provozuje uveden\u00e9, vlastn\u00ed tak\u00e9 optick\u00e9 kabely a datov\u00e1 centra. Nap\u0159\u00edklad jedn\u00edm z jej\u00edch provozovan\u00fdch center je datov\u00e9 centrum v Praze na \u017di\u017ekov\u00e9 a t\u0159eba na &hellip; ","datePublished":"2019-05-12","dateModified":"2023-05-05","author":{"@type":"Person","@id":"https:\/\/www.212sqn.cz\/author\/#Person","name":"","url":"https:\/\/www.212sqn.cz\/author\/","identifier":1,"image":{"@type":"ImageObject","@id":"https:\/\/secure.gravatar.com\/avatar\/ee69a086fc043006d66000ff5e288b6b088fc8fa323128f3849437410a854832?s=96&d=mm&r=g","url":"https:\/\/secure.gravatar.com\/avatar\/ee69a086fc043006d66000ff5e288b6b088fc8fa323128f3849437410a854832?s=96&d=mm&r=g","height":96,"width":96}},"publisher":{"@type":"Organization","name":"212sqn.cz","logo":{"@type":"ImageObject","@id":"\/logo.png","url":"\/logo.png","width":600,"height":60}},"image":{"@type":"ImageObject","@id":"https:\/\/www.212sqn.cz\/wp-content\/uploads\/img_a345431_w2717_t1559122757.jpg","url":"https:\/\/www.212sqn.cz\/wp-content\/uploads\/img_a345431_w2717_t1559122757.jpg","height":0,"width":0},"url":"https:\/\/www.212sqn.cz\/prodej-za-miliardy-se-blizi\/","wordCount":358,"articleBody":"\u010cesk\u00e9 radiokomunikace jsou nejv\u011bt\u0161\u00edm provozovatelem televizn\u00edch a rozhlasov\u00fdch vys\u00edla\u010d\u016f v \u010cesku. Krom\u011b toho, \u017ee firma provozuje uveden\u00e9, vlastn\u00ed tak\u00e9 optick\u00e9 kabely a datov\u00e1 centra. Nap\u0159\u00edklad jedn\u00edm z jej\u00edch provozovan\u00fdch center je datov\u00e9 centrum v Praze na \u017di\u017ekov\u00e9 a t\u0159eba na Strahov\u011b. D\u00e1le tak\u00e9 provozuje centra v Brn\u011b, Pardubic\u00edch \u010di Zl\u00edn\u011b. Nejnov\u011bj\u0161\u00ed datov\u00e9 centrum pak je v Ostrav\u011b.\tMezi dal\u0161\u00ed aktivity pat\u0159\u00ed tak\u00e9 dispozice vlastn\u00ed optickou p\u00e1te\u0159n\u00ed s\u00edt\u00ed. D\u00edky t\u00e9to siln\u00e9 vys\u00edlac\u00ed infrastruktu\u0159e m\u016f\u017ee nab\u00eddnou sv\u00fdm z\u00e1kazn\u00edk\u016fm nejen bezdr\u00e1tov\u00e9 \u0159e\u0161en\u00ed, ale tak\u00e9 p\u0159ipojen\u00ed bl\u00edzk\u00fdch m\u00edst pomoc\u00ed optick\u00fdch vl\u00e1ken.\tLetos by v\u0161ak m\u011bly zm\u011bnit pravd\u011bpodobn\u011b sv\u00e9ho majitele. Dle dostupn\u00fdch \u00fadaj\u016f by se tedy jednalo o nejv\u011bt\u0161\u00ed vlastnickou zm\u011bnu na tomto trhu pr\u00e1v\u011b od prodeje oper\u00e1tora 02.\t\u010cesk\u00e9 radiokomunikace (\u010cRa) pat\u0159\u00ed od roku 2011 jedn\u00e9 z australsk\u00fdch finan\u010dn\u00edch skupiny, konkr\u00e9tn\u011b skupin\u011b Macquaire. Finan\u010dn\u00ed skupina i \u010cRa se odm\u00edtli k t\u00e9to informaci o p\u0159ipravovan\u00e9 transakci dle Hospod\u00e1\u0159sk\u00fdch novin vyj\u00e1d\u0159it.\t\tCelou tuto proceduru by m\u011bla zorganizovat americk\u00e1 skupina Citigroup, kter\u00e1 ji\u017e pro p\u0159\u00edpadn\u00e9 z\u00e1jemce p\u0159ipravila nab\u00eddku.\tD\u00e1 se \u0159\u00edci, \u017ee p\u0159ipravovan\u00e1 zm\u011bna majitele souvis\u00ed pr\u00e1v\u011b s fungov\u00e1n\u00edm skupiny Macquaire, kter\u00e1 firmy, do nich\u017e investuje, po p\u0159ibli\u017en\u011b osmi letech pravideln\u011b prod\u00e1v\u00e1.\tNab\u00eddka prodeje \u010cesk\u00fdch radiokomunikac\u00ed m\u016f\u017ee vyvolat velk\u00fd z\u00e1jem r\u016fzn\u00fdch z\u00e1jemc\u016f z \u0159ad telekomunikac\u00ed, infrastruktury \u010di tuzemsk\u00fdch firem.\tP\u0159edpokl\u00e1d\u00e1 se, \u017ee jedn\u00edm ze z\u00e1jemc\u016f bude tak\u00e9 skupina PPF nejbohat\u0161\u00edho \u010cecha Petra Kellnera, kter\u00fd v tomto oboru pr\u00e1v\u011b nyn\u00ed posiluje svoji pozici. Ji\u017e nyn\u00ed vlastn\u00ed oper\u00e1tora 02 a spole\u010dnost Cetin. Cetin je nejv\u011bt\u0161\u00edm provozovatelem optick\u00fdch s\u00edt\u00ed a vys\u00edla\u010d\u016f pro mobily.\tTento cel\u00fd prodej, respektive n\u00e1kup by v\u0161ak musel nejprve v tomto p\u0159\u00edpad\u011b schv\u00e1lit \u00da\u0159ad pro ochranu hospod\u00e1\u0159sk\u00e9 sout\u011b\u017ee.\t\u00a0                                                                                                                                                                                                                                                                                                                                                                                        4\/5 - (6 votes)        "},{"@context":"https:\/\/schema.org\/","@type":"BreadcrumbList","itemListElement":[{"@type":"ListItem","position":1,"name":"Prodej za miliardy se bl\u00ed\u017e\u00ed","item":"https:\/\/www.212sqn.cz\/prodej-za-miliardy-se-blizi\/#breadcrumbitem"}]}]